{"id":962,"date":"2025-07-21T15:05:13","date_gmt":"2025-07-21T13:05:13","guid":{"rendered":"https:\/\/www.enseigneplus.fr\/blog2\/?p=962"},"modified":"2025-09-25T13:58:11","modified_gmt":"2025-09-25T11:58:11","slug":"creez-votre-image-de-marque-avec-lia","status":"publish","type":"post","link":"https:\/\/www.enseigneplus.fr\/blog2\/2025\/07\/21\/creez-votre-image-de-marque-avec-lia\/","title":{"rendered":"Cr\u00e9ez votre image de marque avec l\u2019IA"},"content":{"rendered":"\n<p>Cr\u00e9er une enseigne de logo percutante est essentiel pour toute entreprise souhaitant se d\u00e9marquer. Votre enseigne de fa\u00e7ade ou votre logo personnalis\u00e9 constitue souvent la premi\u00e8re impression que les clients auront de vous. Il est donc crucial de concevoir un logo qui attire l\u2019attention tout en refl\u00e9tant fid\u00e8lement votre identit\u00e9 de marque.<\/p>\n\n\n\n<p>Chez <strong><a href=\"https:\/\/www.enseigneplus.fr\/\">Enseigne Plus<\/a><\/strong>, nous aidons les entreprises \u00e0 concevoir et produire des solutions de signal\u00e9tique sur mesure. Cr\u00e9er votre propre enseigne est simple et intuitif gr\u00e2ce \u00e0 notre plateforme. Notre site web dispose d\u2019un configurateur puissant qui vous permet de concevoir facilement des lettres en 3D ou de composer votre signal\u00e9tique en quelques clics. Dans la plupart des cas, il vous suffit de t\u00e9l\u00e9charger votre logo ou votre visuel dans notre outil de personnalisation en ligne. Vous pourrez alors visualiser un aper\u00e7u en direct et obtenir un devis instantan\u00e9.<\/p>\n\n\n\n<p>Si vous n\u2019avez pas encore de logo, ne vous inqui\u00e9tez pas, vous n\u2019\u00eates pas seul(e). Trouver le bon design demande du temps. Votre logo est la repr\u00e9sentation visuelle de votre identit\u00e9\u202f: il doit refl\u00e9ter l\u2019essence de votre marque tout en restant clair et percutant graphiquement.<\/p>\n\n\n\n<p>Vous pouvez utiliser l\u2019intelligence artificielle pour cr\u00e9er votre logo ou, si vous en avez d\u00e9j\u00e0 un, pour visualiser la conception de votre enseigne. Exploiter le potentiel de l\u2019IA rend le processus plus rapide, plus cr\u00e9atif et plus simple. Voici comment utiliser des outils d\u2019IA pour imaginer et concevoir l\u2019enseigne personnalis\u00e9e id\u00e9ale pour votre entreprise.<\/p>\n\n\n\n<nav id=\"sommaire\">\n  <h2>Sommaire<\/h2>\n  <ol>\n    <li><a href=\"#brainstormer\">Brainstormer des id\u00e9es de logo avec l\u2019IA<\/a><\/li>\n    <li><a href=\"#maquettes\">G\u00e9n\u00e9rer des maquettes rapides de votre logo personnalis\u00e9<\/a><\/li>\n    <li><a href=\"#Personnaliser\">Personnaliser et affiner votre logo pour la fabrication de l\u2019enseigne<\/a><\/li>\n    <li><a href=\"#retours\">It\u00e9rer rapidement gr\u00e2ce aux retours<\/a><\/li>\n    <li><a href=\"#signal\u00e9tique\">Int\u00e9grer votre logo \u00e0 tous les supports de signal\u00e9tique<\/a><\/li>\n    <li><a href=\"#Pr\u00eat\">Pr\u00eat(e) \u00e0 concevoir une enseigne qui se d\u00e9marque ?<\/a><\/li>\n  <\/ol>\n<\/nav>\n\n\n\n<h3 class=\"wp-block-heading\" id=\"brainstormer\"><strong>1. Brainstormer des id\u00e9es de logo avec l\u2019IA<\/strong><\/h3>\n\n\n\n<p>Cr\u00e9er un logo de fa\u00e7ade pertinent commence par de bonnes id\u00e9es. Les outils de brainstorming aliment\u00e9s par l\u2019IA peuvent g\u00e9n\u00e9rer une grande vari\u00e9t\u00e9 de concepts selon des crit\u00e8res comme le nom de votre entreprise, votre secteur d\u2019activit\u00e9 ou vos pr\u00e9f\u00e9rences esth\u00e9tiques.<\/p>\n\n\n\n<p>Que vous recherchiez une enseigne en lettres 3D, une enseigne lumineuse \u00e9pur\u00e9e ou un logo m\u00e9tallique d\u00e9coup\u00e9 minimaliste, l\u2019IA peut sugg\u00e9rer des designs adapt\u00e9s \u00e0 votre marque et \u00e0 votre espace. Des mod\u00e8les textuels comme ChatGPT peuvent vous aider \u00e0 explorer des pistes cr\u00e9atives en vous proposant, par exemple, des id\u00e9es de logos bas\u00e9es sur les valeurs de votre marque.<\/p>\n\n\n\n<h3 class=\"wp-block-heading\" id=\"maquettes\"><strong>2. G\u00e9n\u00e9rer des maquettes rapides de votre logo personnalis\u00e9<\/strong><\/h3>\n\n\n\n<p>Les g\u00e9n\u00e9rateurs de logo bas\u00e9s sur l\u2019IA permettent de cr\u00e9er rapidement des maquettes de logos 3D, d\u2019enseignes commerciales ou de signal\u00e9tiques ext\u00e9rieures. Cette \u00e9tape vous aide \u00e0 visualiser votre logo tel qu\u2019il appara\u00eetrait sur votre devanture, votre fa\u00e7ade ou \u00e0 l\u2019int\u00e9rieur de vos locaux.<\/p>\n\n\n\n<p>Des outils comme <strong>Looka<\/strong> ou <strong>LogoAI<\/strong> utilisent des algorithmes intelligents pour comprendre vos go\u00fbts et g\u00e9n\u00e9rer des logos align\u00e9s avec la personnalit\u00e9 de votre marque. Ces plateformes proposent souvent des designs \u00e9pur\u00e9s et professionnels, parfaits pour les startups ou les entreprises \u00e0 la recherche d\u2019un rendu soign\u00e9 et impactant.<\/p>\n\n\n\n<figure class=\"wp-block-image size-large\"><img loading=\"lazy\" decoding=\"async\" width=\"1024\" height=\"518\" src=\"https:\/\/www.enseigneplus.fr\/blog2\/wp-content\/uploads\/2025\/07\/de-logo-a-banderola-1024x518.jpg\" alt=\"\" class=\"wp-image-966\" srcset=\"https:\/\/www.enseigneplus.fr\/blog2\/wp-content\/uploads\/2025\/07\/de-logo-a-banderola-1024x518.jpg 1024w, https:\/\/www.enseigneplus.fr\/blog2\/wp-content\/uploads\/2025\/07\/de-logo-a-banderola-300x152.jpg 300w, https:\/\/www.enseigneplus.fr\/blog2\/wp-content\/uploads\/2025\/07\/de-logo-a-banderola-768x389.jpg 768w, https:\/\/www.enseigneplus.fr\/blog2\/wp-content\/uploads\/2025\/07\/de-logo-a-banderola-1536x777.jpg 1536w, https:\/\/www.enseigneplus.fr\/blog2\/wp-content\/uploads\/2025\/07\/de-logo-a-banderola-573x290.jpg 573w, https:\/\/www.enseigneplus.fr\/blog2\/wp-content\/uploads\/2025\/07\/de-logo-a-banderola.jpg 1640w\" sizes=\"(max-width: 1024px) 100vw, 1024px\" \/><\/figure>\n\n\n\n<h3 class=\"wp-block-heading\" id=\"Personnaliser\"><strong>3. Personnaliser et affiner votre logo pour la fabrication de l\u2019enseigne<\/strong><\/h3>\n\n\n\n<p>Une fois votre design pr\u00e9f\u00e9r\u00e9 s\u00e9lectionn\u00e9, vous pouvez le personnaliser pour l\u2019adapter \u00e0 la fabrication de votre enseigne. Cela inclut le r\u00e9glage des dimensions, des couleurs, et des effets lumineux pour garantir \u00e0 la fois lisibilit\u00e9 et attrait visuel.<\/p>\n\n\n\n<p>Chez <strong><a href=\"https:\/\/www.enseigneplus.fr\/\" target=\"_blank\" rel=\"noreferrer noopener\">Enseigne Plus<\/a><\/strong>, notre plateforme de design vous permet de pr\u00e9parer facilement vos fichiers pour une production et une installation sans accroc.<\/p>\n\n\n\n<h3 class=\"wp-block-heading\" id=\"retours\"><strong>4. It\u00e9rer rapidement gr\u00e2ce aux retours<\/strong><\/h3>\n\n\n\n<p>L\u2019IA permet d\u2019acc\u00e9l\u00e9rer le processus de r\u00e9vision de votre design en g\u00e9n\u00e9rant rapidement de nouvelles versions, selon les retours de vos clients, partenaires ou collaborateurs. Cela vous aide \u00e0 optimiser votre enseigne avant de passer \u00e0 la fabrication.<\/p>\n\n\n\n<figure class=\"wp-block-image size-large\"><img loading=\"lazy\" decoding=\"async\" width=\"1024\" height=\"518\" src=\"https:\/\/www.enseigneplus.fr\/blog2\/wp-content\/uploads\/2025\/07\/ia-hand-1024x518.jpg\" alt=\"\" class=\"wp-image-980\" srcset=\"https:\/\/www.enseigneplus.fr\/blog2\/wp-content\/uploads\/2025\/07\/ia-hand-1024x518.jpg 1024w, https:\/\/www.enseigneplus.fr\/blog2\/wp-content\/uploads\/2025\/07\/ia-hand-300x152.jpg 300w, https:\/\/www.enseigneplus.fr\/blog2\/wp-content\/uploads\/2025\/07\/ia-hand-768x389.jpg 768w, https:\/\/www.enseigneplus.fr\/blog2\/wp-content\/uploads\/2025\/07\/ia-hand-1536x777.jpg 1536w, https:\/\/www.enseigneplus.fr\/blog2\/wp-content\/uploads\/2025\/07\/ia-hand-573x290.jpg 573w, https:\/\/www.enseigneplus.fr\/blog2\/wp-content\/uploads\/2025\/07\/ia-hand.jpg 1640w\" sizes=\"(max-width: 1024px) 100vw, 1024px\" \/><\/figure>\n\n\n\n<h3 class=\"wp-block-heading\" id=\"signal\u00e9tique\"><strong>5. Int\u00e9grer votre logo \u00e0 tous les supports de signal\u00e9tique<\/strong><\/h3>\n\n\n\n<p>Une fois le design finalis\u00e9, les outils d\u2019IA peuvent vous aider \u00e0 adapter votre logo \u00e0 diff\u00e9rents supports : vitrophanie et film adh\u00e9sif vitrine, flocage de v\u00e9hicules, panneaux directionnels ou \u00e9crans num\u00e9riques. Pour \u00e9tendre votre image de marque \u00e0 une vari\u00e9t\u00e9 de supports, vous pouvez utiliser <strong>Designs.ai<\/strong>. Cette plateforme ne se limite pas \u00e0 la cr\u00e9ation de logos : elle propose aussi des palettes de couleurs coordonn\u00e9es, des id\u00e9es de slogans et des outils pour cr\u00e9er des vid\u00e9os, banni\u00e8res ou autres supports marketing, id\u00e9al pour centraliser tous vos visuels de marque avec l\u2019aide de l\u2019IA.<\/p>\n\n\n\n<h3 class=\"wp-block-heading\" id=\"Pr\u00eat\"><strong>Pr\u00eat(e) \u00e0 concevoir une enseigne qui se d\u00e9marque ?<\/strong><\/h3>\n\n\n\n<p>D\u00e9couvrez nos produits d\u00e8s aujourd\u2019hui et transformez votre fa\u00e7ade gr\u00e2ce \u00e0 une signal\u00e9tique puissante, personnalis\u00e9e et con\u00e7ue pour capter l\u2019attention et renforcer votre notori\u00e9t\u00e9.<\/p>\n\n\n\n<p>Besoin d\u2019un coup de pouce pour vous lancer avec l\u2019IA ?&nbsp;Consultez notre Guide IA !<\/p>\n\n\n\n<figure class=\"wp-block-image size-large\"><a href=\"https:\/\/www.enseigneplus.fr\/blog2\/wp-content\/uploads\/2025\/07\/Guide_IA_banner-.pdf\" target=\"_blank\" rel=\"noreferrer noopener\"><img loading=\"lazy\" decoding=\"async\" width=\"1024\" height=\"286\" src=\"https:\/\/www.enseigneplus.fr\/blog2\/wp-content\/uploads\/2025\/07\/cta-n-1024x286.jpg\" alt=\"\" class=\"wp-image-975\" srcset=\"https:\/\/www.enseigneplus.fr\/blog2\/wp-content\/uploads\/2025\/07\/cta-n-1024x286.jpg 1024w, https:\/\/www.enseigneplus.fr\/blog2\/wp-content\/uploads\/2025\/07\/cta-n-300x84.jpg 300w, https:\/\/www.enseigneplus.fr\/blog2\/wp-content\/uploads\/2025\/07\/cta-n-768x214.jpg 768w, https:\/\/www.enseigneplus.fr\/blog2\/wp-content\/uploads\/2025\/07\/cta-n-573x160.jpg 573w, https:\/\/www.enseigneplus.fr\/blog2\/wp-content\/uploads\/2025\/07\/cta-n.jpg 1504w\" sizes=\"(max-width: 1024px) 100vw, 1024px\" \/><\/a><\/figure>\n","protected":false},"excerpt":{"rendered":"<p>Cr\u00e9er une enseigne de logo percutante est essentiel pour toute entreprise souhaitant se d\u00e9marquer. Votre enseigne de fa\u00e7ade ou votre logo personnalis\u00e9 constitue souvent la premi\u00e8re impression que les clients auront de vous. Il est donc crucial de concevoir un logo qui attire l\u2019attention tout en refl\u00e9tant fid\u00e8lement votre identit\u00e9 de marque. Chez Enseigne Plus,&nbsp;<a href=\"https:\/\/www.enseigneplus.fr\/blog2\/2025\/07\/21\/creez-votre-image-de-marque-avec-lia\/\" class=\"read-more\">Continue Reading<\/a><\/p>\n","protected":false},"author":1,"featured_media":963,"comment_status":"open","ping_status":"open","sticky":false,"template":"","format":"standard","meta":{"footnotes":""},"categories":[187],"tags":[171,178,179,180,175,177,176,173,174],"yoast_head":"<!-- This site is optimized with the Yoast SEO plugin v17.3 - https:\/\/yoast.com\/wordpress\/plugins\/seo\/ -->\n<meta name=\"robots\" content=\"index, follow, max-snippet:-1, max-image-preview:large, max-video-preview:-1\" \/>\n<link rel=\"canonical\" href=\"https:\/\/www.enseigneplus.fr\/blog2\/2025\/07\/21\/creez-votre-image-de-marque-avec-lia\/\" \/>\n<meta property=\"og:locale\" content=\"fr_FR\" \/>\n<meta property=\"og:type\" content=\"article\" \/>\n<meta property=\"og:title\" content=\"Cr\u00e9ez votre image de marque avec l\u2019IA - Blog Enseigne Plus\" \/>\n<meta property=\"og:description\" content=\"Cr\u00e9er une enseigne de logo percutante est essentiel pour toute entreprise souhaitant se d\u00e9marquer. Votre enseigne de fa\u00e7ade ou votre logo personnalis\u00e9 constitue souvent la premi\u00e8re impression que les clients auront de vous. Il est donc crucial de concevoir un logo qui attire l\u2019attention tout en refl\u00e9tant fid\u00e8lement votre identit\u00e9 de marque. Chez Enseigne Plus,&nbsp;Continue Reading\" \/>\n<meta property=\"og:url\" content=\"https:\/\/www.enseigneplus.fr\/blog2\/2025\/07\/21\/creez-votre-image-de-marque-avec-lia\/\" \/>\n<meta property=\"og:site_name\" content=\"Blog Enseigne Plus\" \/>\n<meta property=\"article:published_time\" content=\"2025-07-21T13:05:13+00:00\" \/>\n<meta property=\"article:modified_time\" content=\"2025-09-25T11:58:11+00:00\" \/>\n<meta property=\"og:image\" content=\"https:\/\/www.enseigneplus.fr\/blog2\/wp-content\/uploads\/2025\/07\/blog_ENSEIGNE.jpg\" \/>\n\t<meta property=\"og:image:width\" content=\"1380\" \/>\n\t<meta property=\"og:image:height\" content=\"1030\" \/>\n<meta name=\"twitter:card\" content=\"summary_large_image\" \/>\n<meta name=\"twitter:label1\" content=\"\u00c9crit par\" \/>\n\t<meta name=\"twitter:data1\" content=\"Enseigne Plus\" \/>\n\t<meta name=\"twitter:label2\" content=\"Dur\u00e9e de lecture estim\u00e9e\" \/>\n\t<meta name=\"twitter:data2\" content=\"4 minutes\" \/>\n<script type=\"application\/ld+json\" class=\"yoast-schema-graph\">{\"@context\":\"https:\/\/schema.org\",\"@graph\":[{\"@type\":\"WebSite\",\"@id\":\"https:\/\/www.enseigneplus.fr\/blog2\/#website\",\"url\":\"https:\/\/www.enseigneplus.fr\/blog2\/\",\"name\":\"Blog Enseigne Plus\",\"description\":\"Le blog o\\u00f9 vous trouverez tout ce que vous devez savoir sur la signal\\u00e9tique, le montage, les id\\u00e9es, la publicit\\u00e9 et bien plus encore.\",\"potentialAction\":[{\"@type\":\"SearchAction\",\"target\":{\"@type\":\"EntryPoint\",\"urlTemplate\":\"https:\/\/www.enseigneplus.fr\/blog2\/?s={search_term_string}\"},\"query-input\":\"required name=search_term_string\"}],\"inLanguage\":\"fr-FR\"},{\"@type\":\"ImageObject\",\"@id\":\"https:\/\/www.enseigneplus.fr\/blog2\/2025\/07\/21\/creez-votre-image-de-marque-avec-lia\/#primaryimage\",\"inLanguage\":\"fr-FR\",\"url\":\"https:\/\/www.enseigneplus.fr\/blog2\/wp-content\/uploads\/2025\/07\/blog_ENSEIGNE.jpg\",\"contentUrl\":\"https:\/\/www.enseigneplus.fr\/blog2\/wp-content\/uploads\/2025\/07\/blog_ENSEIGNE.jpg\",\"width\":1380,\"height\":1030},{\"@type\":\"WebPage\",\"@id\":\"https:\/\/www.enseigneplus.fr\/blog2\/2025\/07\/21\/creez-votre-image-de-marque-avec-lia\/#webpage\",\"url\":\"https:\/\/www.enseigneplus.fr\/blog2\/2025\/07\/21\/creez-votre-image-de-marque-avec-lia\/\",\"name\":\"Cr\\u00e9ez votre image de marque avec l\\u2019IA - Blog Enseigne Plus\",\"isPartOf\":{\"@id\":\"https:\/\/www.enseigneplus.fr\/blog2\/#website\"},\"primaryImageOfPage\":{\"@id\":\"https:\/\/www.enseigneplus.fr\/blog2\/2025\/07\/21\/creez-votre-image-de-marque-avec-lia\/#primaryimage\"},\"datePublished\":\"2025-07-21T13:05:13+00:00\",\"dateModified\":\"2025-09-25T11:58:11+00:00\",\"author\":{\"@id\":\"https:\/\/www.enseigneplus.fr\/blog2\/#\/schema\/person\/593e97d18a1e589a61ed3307eab5bba0\"},\"breadcrumb\":{\"@id\":\"https:\/\/www.enseigneplus.fr\/blog2\/2025\/07\/21\/creez-votre-image-de-marque-avec-lia\/#breadcrumb\"},\"inLanguage\":\"fr-FR\",\"potentialAction\":[{\"@type\":\"ReadAction\",\"target\":[\"https:\/\/www.enseigneplus.fr\/blog2\/2025\/07\/21\/creez-votre-image-de-marque-avec-lia\/\"]}]},{\"@type\":\"BreadcrumbList\",\"@id\":\"https:\/\/www.enseigneplus.fr\/blog2\/2025\/07\/21\/creez-votre-image-de-marque-avec-lia\/#breadcrumb\",\"itemListElement\":[{\"@type\":\"ListItem\",\"position\":1,\"name\":\"Accueil\",\"item\":\"https:\/\/www.enseigneplus.fr\/blog2\/\"},{\"@type\":\"ListItem\",\"position\":2,\"name\":\"Cr\\u00e9ez votre image de marque avec l\\u2019IA\"}]},{\"@type\":\"Person\",\"@id\":\"https:\/\/www.enseigneplus.fr\/blog2\/#\/schema\/person\/593e97d18a1e589a61ed3307eab5bba0\",\"name\":\"Enseigne Plus\",\"image\":{\"@type\":\"ImageObject\",\"@id\":\"https:\/\/www.enseigneplus.fr\/blog2\/#personlogo\",\"inLanguage\":\"fr-FR\",\"url\":\"https:\/\/secure.gravatar.com\/avatar\/5b6a8c6c969411d2b5e587261252c136?s=96&d=mm&r=g\",\"contentUrl\":\"https:\/\/secure.gravatar.com\/avatar\/5b6a8c6c969411d2b5e587261252c136?s=96&d=mm&r=g\",\"caption\":\"Enseigne Plus\"},\"sameAs\":[\"https:\/\/www.enseigneplus.fr\/blog2\"],\"url\":\"https:\/\/www.enseigneplus.fr\/blog2\/author\/enseigneplus\/\"}]}<\/script>\n<!-- \/ Yoast SEO plugin. -->","yoast_head_json":{"robots":{"index":"index","follow":"follow","max-snippet":"max-snippet:-1","max-image-preview":"max-image-preview:large","max-video-preview":"max-video-preview:-1"},"canonical":"https:\/\/www.enseigneplus.fr\/blog2\/2025\/07\/21\/creez-votre-image-de-marque-avec-lia\/","og_locale":"fr_FR","og_type":"article","og_title":"Cr\u00e9ez votre image de marque avec l\u2019IA - Blog Enseigne Plus","og_description":"Cr\u00e9er une enseigne de logo percutante est essentiel pour toute entreprise souhaitant se d\u00e9marquer. Votre enseigne de fa\u00e7ade ou votre logo personnalis\u00e9 constitue souvent la premi\u00e8re impression que les clients auront de vous. Il est donc crucial de concevoir un logo qui attire l\u2019attention tout en refl\u00e9tant fid\u00e8lement votre identit\u00e9 de marque. Chez Enseigne Plus,&nbsp;Continue Reading","og_url":"https:\/\/www.enseigneplus.fr\/blog2\/2025\/07\/21\/creez-votre-image-de-marque-avec-lia\/","og_site_name":"Blog Enseigne Plus","article_published_time":"2025-07-21T13:05:13+00:00","article_modified_time":"2025-09-25T11:58:11+00:00","og_image":[{"width":1380,"height":1030,"url":"https:\/\/www.enseigneplus.fr\/blog2\/wp-content\/uploads\/2025\/07\/blog_ENSEIGNE.jpg","type":"image\/jpeg"}],"twitter_card":"summary_large_image","twitter_misc":{"\u00c9crit par":"Enseigne Plus","Dur\u00e9e de lecture estim\u00e9e":"4 minutes"},"schema":{"@context":"https:\/\/schema.org","@graph":[{"@type":"WebSite","@id":"https:\/\/www.enseigneplus.fr\/blog2\/#website","url":"https:\/\/www.enseigneplus.fr\/blog2\/","name":"Blog Enseigne Plus","description":"Le blog o\u00f9 vous trouverez tout ce que vous devez savoir sur la signal\u00e9tique, le montage, les id\u00e9es, la publicit\u00e9 et bien plus encore.","potentialAction":[{"@type":"SearchAction","target":{"@type":"EntryPoint","urlTemplate":"https:\/\/www.enseigneplus.fr\/blog2\/?s={search_term_string}"},"query-input":"required name=search_term_string"}],"inLanguage":"fr-FR"},{"@type":"ImageObject","@id":"https:\/\/www.enseigneplus.fr\/blog2\/2025\/07\/21\/creez-votre-image-de-marque-avec-lia\/#primaryimage","inLanguage":"fr-FR","url":"https:\/\/www.enseigneplus.fr\/blog2\/wp-content\/uploads\/2025\/07\/blog_ENSEIGNE.jpg","contentUrl":"https:\/\/www.enseigneplus.fr\/blog2\/wp-content\/uploads\/2025\/07\/blog_ENSEIGNE.jpg","width":1380,"height":1030},{"@type":"WebPage","@id":"https:\/\/www.enseigneplus.fr\/blog2\/2025\/07\/21\/creez-votre-image-de-marque-avec-lia\/#webpage","url":"https:\/\/www.enseigneplus.fr\/blog2\/2025\/07\/21\/creez-votre-image-de-marque-avec-lia\/","name":"Cr\u00e9ez votre image de marque avec l\u2019IA - Blog Enseigne Plus","isPartOf":{"@id":"https:\/\/www.enseigneplus.fr\/blog2\/#website"},"primaryImageOfPage":{"@id":"https:\/\/www.enseigneplus.fr\/blog2\/2025\/07\/21\/creez-votre-image-de-marque-avec-lia\/#primaryimage"},"datePublished":"2025-07-21T13:05:13+00:00","dateModified":"2025-09-25T11:58:11+00:00","author":{"@id":"https:\/\/www.enseigneplus.fr\/blog2\/#\/schema\/person\/593e97d18a1e589a61ed3307eab5bba0"},"breadcrumb":{"@id":"https:\/\/www.enseigneplus.fr\/blog2\/2025\/07\/21\/creez-votre-image-de-marque-avec-lia\/#breadcrumb"},"inLanguage":"fr-FR","potentialAction":[{"@type":"ReadAction","target":["https:\/\/www.enseigneplus.fr\/blog2\/2025\/07\/21\/creez-votre-image-de-marque-avec-lia\/"]}]},{"@type":"BreadcrumbList","@id":"https:\/\/www.enseigneplus.fr\/blog2\/2025\/07\/21\/creez-votre-image-de-marque-avec-lia\/#breadcrumb","itemListElement":[{"@type":"ListItem","position":1,"name":"Accueil","item":"https:\/\/www.enseigneplus.fr\/blog2\/"},{"@type":"ListItem","position":2,"name":"Cr\u00e9ez votre image de marque avec l\u2019IA"}]},{"@type":"Person","@id":"https:\/\/www.enseigneplus.fr\/blog2\/#\/schema\/person\/593e97d18a1e589a61ed3307eab5bba0","name":"Enseigne Plus","image":{"@type":"ImageObject","@id":"https:\/\/www.enseigneplus.fr\/blog2\/#personlogo","inLanguage":"fr-FR","url":"https:\/\/secure.gravatar.com\/avatar\/5b6a8c6c969411d2b5e587261252c136?s=96&d=mm&r=g","contentUrl":"https:\/\/secure.gravatar.com\/avatar\/5b6a8c6c969411d2b5e587261252c136?s=96&d=mm&r=g","caption":"Enseigne Plus"},"sameAs":["https:\/\/www.enseigneplus.fr\/blog2"],"url":"https:\/\/www.enseigneplus.fr\/blog2\/author\/enseigneplus\/"}]}},"_links":{"self":[{"href":"https:\/\/www.enseigneplus.fr\/blog2\/wp-json\/wp\/v2\/posts\/962"}],"collection":[{"href":"https:\/\/www.enseigneplus.fr\/blog2\/wp-json\/wp\/v2\/posts"}],"about":[{"href":"https:\/\/www.enseigneplus.fr\/blog2\/wp-json\/wp\/v2\/types\/post"}],"author":[{"embeddable":true,"href":"https:\/\/www.enseigneplus.fr\/blog2\/wp-json\/wp\/v2\/users\/1"}],"replies":[{"embeddable":true,"href":"https:\/\/www.enseigneplus.fr\/blog2\/wp-json\/wp\/v2\/comments?post=962"}],"version-history":[{"count":11,"href":"https:\/\/www.enseigneplus.fr\/blog2\/wp-json\/wp\/v2\/posts\/962\/revisions"}],"predecessor-version":[{"id":981,"href":"https:\/\/www.enseigneplus.fr\/blog2\/wp-json\/wp\/v2\/posts\/962\/revisions\/981"}],"wp:featuredmedia":[{"embeddable":true,"href":"https:\/\/www.enseigneplus.fr\/blog2\/wp-json\/wp\/v2\/media\/963"}],"wp:attachment":[{"href":"https:\/\/www.enseigneplus.fr\/blog2\/wp-json\/wp\/v2\/media?parent=962"}],"wp:term":[{"taxonomy":"category","embeddable":true,"href":"https:\/\/www.enseigneplus.fr\/blog2\/wp-json\/wp\/v2\/categories?post=962"},{"taxonomy":"post_tag","embeddable":true,"href":"https:\/\/www.enseigneplus.fr\/blog2\/wp-json\/wp\/v2\/tags?post=962"}],"curies":[{"name":"wp","href":"https:\/\/api.w.org\/{rel}","templated":true}]}}